{"id":9917,"date":"2025-01-24T22:39:08","date_gmt":"2025-01-24T22:39:08","guid":{"rendered":"https:\/\/atl.org.mx\/?p=9917"},"modified":"2025-01-28T15:57:48","modified_gmt":"2025-01-28T15:57:48","slug":"dia-del-biologo-en-mexico","status":"publish","type":"post","link":"https:\/\/atl.org.mx\/index.php\/dia-del-biologo-en-mexico\/","title":{"rendered":"D\u00eda del Bi\u00f3logo en M\u00e9xico"},"content":{"rendered":"\t\t<div data-elementor-type=\"wp-post\" data-elementor-id=\"9917\" class=\"elementor elementor-9917\">\n\t\t\t\t\t\t<section class=\"penci-section penci-disSticky penci-structure-10 elementor-section elementor-top-section elementor-element elementor-element-eb55078 elementor-section-boxed elementor-section-height-default elementor-section-height-default\" data-id=\"eb55078\" data-element_type=\"section\" data-e-type=\"section\">\n\t\t\t\t\t\t<div class=\"elementor-container elementor-column-gap-default\">\n\t\t\t\t\t<div class=\"penci-ercol-100 penci-ercol-order-1 penci-sticky-ct    elementor-column elementor-col-100 elementor-top-column elementor-element elementor-element-124dfeb\" data-id=\"124dfeb\" data-element_type=\"column\" data-e-type=\"column\">\n\t\t\t<div class=\"elementor-widget-wrap elementor-element-populated\">\n\t\t\t\t\t\t<div class=\"elementor-element elementor-element-46c8dfd elementor-widget elementor-widget-text-editor\" data-id=\"46c8dfd\" data-element_type=\"widget\" data-e-type=\"widget\" data-widget_type=\"text-editor.default\">\n\t\t\t\t<div class=\"elementor-widget-container\">\n\t\t\t\t\t\t\t\t\t<blockquote><p><strong>Celebrando a los guardianes de la naturaleza<\/strong><\/p><\/blockquote>\t\t\t\t\t\t\t\t<\/div>\n\t\t\t\t<\/div>\n\t\t\t\t\t<\/div>\n\t\t<\/div>\n\t\t\t\t\t<\/div>\n\t\t<\/section>\n\t\t\t\t<section class=\"penci-section penci-disSticky penci-structure-10 elementor-section elementor-top-section elementor-element elementor-element-74cae88 elementor-section-boxed elementor-section-height-default elementor-section-height-default\" data-id=\"74cae88\" data-element_type=\"section\" data-e-type=\"section\">\n\t\t\t\t\t\t<div class=\"elementor-container elementor-column-gap-default\">\n\t\t\t\t\t<div class=\"penci-ercol-100 penci-ercol-order-1 penci-sticky-ct    elementor-column elementor-col-100 elementor-top-column elementor-element elementor-element-cfc9a67\" data-id=\"cfc9a67\" data-element_type=\"column\" data-e-type=\"column\">\n\t\t\t<div class=\"elementor-widget-wrap elementor-element-populated\">\n\t\t\t\t\t\t<div class=\"elementor-element elementor-element-c9cfec0 elementor-widget elementor-widget-text-editor\" data-id=\"c9cfec0\" data-element_type=\"widget\" data-e-type=\"widget\" data-widget_type=\"text-editor.default\">\n\t\t\t\t<div class=\"elementor-widget-container\">\n\t\t\t\t\t\t\t\t\t<p>El 25 de enero celebramos en nuestro pa\u00eds a los profesionales que dedican su labor al estudio de los seres vivos en todos sus aspectos y procesos vitales, as\u00ed como a la conservaci\u00f3n de los mecanismos de la vida y la biodiversidad en el planeta. Los bi\u00f3logos son los arquitectos del conocimiento de todas las formas de vida que conocemos -desde las min\u00fasculas c\u00e9lulas hasta los ecosistemas m\u00e1s vastos y complejos-, en todos sus aspectos: origen, evoluci\u00f3n, clasificaci\u00f3n, estructura, funci\u00f3n, reproducci\u00f3n, adaptaci\u00f3n y muerte.<\/p><p>Una de las contribuciones m\u00e1s significativas de los bi\u00f3logos es su papel en la gesti\u00f3n sustentable del agua. En un mundo donde el cambio clim\u00e1tico y la contaminaci\u00f3n amenazan nuestros recursos h\u00eddricos, los bi\u00f3logos se posicionan en la primera l\u00ednea de defensa. La hidrobiolog\u00eda se enfoca en el estudio de la vida en los ecosistemas acu\u00e1ticos y posee m\u00faltiples aplicaciones en la evaluaci\u00f3n ambiental y la biolog\u00eda econ\u00f3mica e industrial, por ejemplo. Su trabajo abarca desde el monitoreo de la calidad del agua en r\u00edos y lagos hasta el dise\u00f1o de estrategias para la conservaci\u00f3n de acu\u00edferos y humedales.<\/p><p>Son objeto de estudio de la hidrobiolog\u00eda la contaminaci\u00f3n originada por las descargas industriales y municipales, el control biol\u00f3gico de malezas acu\u00e1ticas, la calidad del agua y la clasificaci\u00f3n de los r\u00edos, entre otros. Gracias a esta labor entendemos mejor los mecanismos que mantienen en equilibrio el mundo acu\u00e1tico y se descubren soluciones innovadoras para proteger y preservar los recursos h\u00eddricos. Los bi\u00f3logos exploran lo desconocido, enfrentan desaf\u00edos y con su conocimiento nos acercan m\u00e1s a un futuro sostenible.<\/p><p>En este d\u00eda especial, celebramos su compromiso, pasi\u00f3n y esfuerzo, que nos inspiran a valorar y cuidar nuestro planeta y sus recursos. \u00a1Gracias por su invaluable contribuci\u00f3n al conocimiento y bienestar de la humanidad! <\/p>\t\t\t\t\t\t\t\t<\/div>\n\t\t\t\t<\/div>\n\t\t\t\t\t<\/div>\n\t\t<\/div>\n\t\t\t\t\t<\/div>\n\t\t<\/section>\n\t\t\t\t<\/div>\n\t\t","protected":false},"excerpt":{"rendered":"<p>Celebrando a los guardianes de la naturaleza El 25 de enero celebramos en nuestro pa\u00eds a los profesionales que dedican su labor&hellip;<\/p>\n","protected":false},"author":2,"featured_media":9918,"comment_status":"closed","ping_status":"closed","sticky":false,"template":"","format":"standard","meta":{"content-type":"","_lmt_disableupdate":"","_lmt_disable":"","footnotes":""},"categories":[176],"tags":[],"class_list":["post-9917","post","type-post","status-publish","format-standard","has-post-thumbnail","hentry","category-dias-internacionales"],"yoast_head":"<!-- This site is optimized with the Yoast SEO plugin v27.4 - https:\/\/yoast.com\/product\/yoast-seo-wordpress\/ -->\n<title>D\u00eda del Bi\u00f3logo en M\u00e9xico - ATL el portal del agua de la C\u00e1tedra Unesco IMTA<\/title>\n<meta name=\"robots\" content=\"index, follow, max-snippet:-1, max-image-preview:large, max-video-preview:-1\" \/>\n<link rel=\"canonical\" href=\"https:\/\/atl.org.mx\/index.php\/dia-del-biologo-en-mexico\/\" \/>\n<meta property=\"og:locale\" content=\"es_MX\" \/>\n<meta property=\"og:type\" content=\"article\" \/>\n<meta property=\"og:title\" content=\"D\u00eda del Bi\u00f3logo en M\u00e9xico - ATL el portal del agua de la C\u00e1tedra Unesco IMTA\" \/>\n<meta property=\"og:description\" content=\"Celebrando a los guardianes de la naturaleza El 25 de enero celebramos en nuestro pa\u00eds a los profesionales que dedican su labor&hellip;\" \/>\n<meta property=\"og:url\" content=\"https:\/\/atl.org.mx\/index.php\/dia-del-biologo-en-mexico\/\" \/>\n<meta property=\"og:site_name\" content=\"ATL el portal del agua de la C\u00e1tedra Unesco IMTA\" \/>\n<meta property=\"article:published_time\" content=\"2025-01-24T22:39:08+00:00\" \/>\n<meta property=\"article:modified_time\" content=\"2025-01-28T15:57:48+00:00\" \/>\n<meta property=\"og:image\" content=\"https:\/\/atl.org.mx\/wp-content\/uploads\/2025\/01\/dia-del-biologo.jpg\" \/>\n\t<meta property=\"og:image:width\" content=\"676\" \/>\n\t<meta property=\"og:image:height\" content=\"325\" \/>\n\t<meta property=\"og:image:type\" content=\"image\/jpeg\" \/>\n<meta name=\"author\" content=\"Catedra Unesco\" \/>\n<meta name=\"twitter:card\" content=\"summary_large_image\" \/>\n<meta name=\"twitter:label1\" content=\"Escrito por\" \/>\n\t<meta name=\"twitter:data1\" content=\"Catedra Unesco\" \/>\n\t<meta name=\"twitter:label2\" content=\"Tiempo de lectura\" \/>\n\t<meta name=\"twitter:data2\" content=\"2 minutos\" \/>\n<script type=\"application\/ld+json\" class=\"yoast-schema-graph\">{\"@context\":\"https:\\\/\\\/schema.org\",\"@graph\":[{\"@type\":\"Article\",\"@id\":\"https:\\\/\\\/atl.org.mx\\\/index.php\\\/dia-del-biologo-en-mexico\\\/#article\",\"isPartOf\":{\"@id\":\"https:\\\/\\\/atl.org.mx\\\/index.php\\\/dia-del-biologo-en-mexico\\\/\"},\"author\":{\"name\":\"Catedra Unesco\",\"@id\":\"https:\\\/\\\/atl.org.mx\\\/#\\\/schema\\\/person\\\/995618feab35b3f396e4b75cfef7b36f\"},\"headline\":\"D\u00eda del Bi\u00f3logo en M\u00e9xico\",\"datePublished\":\"2025-01-24T22:39:08+00:00\",\"dateModified\":\"2025-01-28T15:57:48+00:00\",\"mainEntityOfPage\":{\"@id\":\"https:\\\/\\\/atl.org.mx\\\/index.php\\\/dia-del-biologo-en-mexico\\\/\"},\"wordCount\":353,\"publisher\":{\"@id\":\"https:\\\/\\\/atl.org.mx\\\/#organization\"},\"image\":{\"@id\":\"https:\\\/\\\/atl.org.mx\\\/index.php\\\/dia-del-biologo-en-mexico\\\/#primaryimage\"},\"thumbnailUrl\":\"https:\\\/\\\/atl.org.mx\\\/wp-content\\\/uploads\\\/2025\\\/01\\\/dia-del-biologo.jpg\",\"articleSection\":[\"D\u00edas internacionales\"],\"inLanguage\":\"es\"},{\"@type\":\"WebPage\",\"@id\":\"https:\\\/\\\/atl.org.mx\\\/index.php\\\/dia-del-biologo-en-mexico\\\/\",\"url\":\"https:\\\/\\\/atl.org.mx\\\/index.php\\\/dia-del-biologo-en-mexico\\\/\",\"name\":\"D\u00eda del Bi\u00f3logo en M\u00e9xico - ATL el portal del agua de la C\u00e1tedra Unesco IMTA\",\"isPartOf\":{\"@id\":\"https:\\\/\\\/atl.org.mx\\\/#website\"},\"primaryImageOfPage\":{\"@id\":\"https:\\\/\\\/atl.org.mx\\\/index.php\\\/dia-del-biologo-en-mexico\\\/#primaryimage\"},\"image\":{\"@id\":\"https:\\\/\\\/atl.org.mx\\\/index.php\\\/dia-del-biologo-en-mexico\\\/#primaryimage\"},\"thumbnailUrl\":\"https:\\\/\\\/atl.org.mx\\\/wp-content\\\/uploads\\\/2025\\\/01\\\/dia-del-biologo.jpg\",\"datePublished\":\"2025-01-24T22:39:08+00:00\",\"dateModified\":\"2025-01-28T15:57:48+00:00\",\"breadcrumb\":{\"@id\":\"https:\\\/\\\/atl.org.mx\\\/index.php\\\/dia-del-biologo-en-mexico\\\/#breadcrumb\"},\"inLanguage\":\"es\",\"potentialAction\":[{\"@type\":\"ReadAction\",\"target\":[\"https:\\\/\\\/atl.org.mx\\\/index.php\\\/dia-del-biologo-en-mexico\\\/\"]}]},{\"@type\":\"ImageObject\",\"inLanguage\":\"es\",\"@id\":\"https:\\\/\\\/atl.org.mx\\\/index.php\\\/dia-del-biologo-en-mexico\\\/#primaryimage\",\"url\":\"https:\\\/\\\/atl.org.mx\\\/wp-content\\\/uploads\\\/2025\\\/01\\\/dia-del-biologo.jpg\",\"contentUrl\":\"https:\\\/\\\/atl.org.mx\\\/wp-content\\\/uploads\\\/2025\\\/01\\\/dia-del-biologo.jpg\",\"width\":676,\"height\":325,\"caption\":\"Imagen ilustratica\"},{\"@type\":\"BreadcrumbList\",\"@id\":\"https:\\\/\\\/atl.org.mx\\\/index.php\\\/dia-del-biologo-en-mexico\\\/#breadcrumb\",\"itemListElement\":[{\"@type\":\"ListItem\",\"position\":1,\"name\":\"Inicio\",\"item\":\"https:\\\/\\\/atl.org.mx\\\/\"},{\"@type\":\"ListItem\",\"position\":2,\"name\":\"D\u00eda del Bi\u00f3logo en M\u00e9xico\"}]},{\"@type\":\"WebSite\",\"@id\":\"https:\\\/\\\/atl.org.mx\\\/#website\",\"url\":\"https:\\\/\\\/atl.org.mx\\\/\",\"name\":\"ATL el portal del agua de la C\u00e1tedra Unesco IMTA\",\"description\":\"C\u00e1tedra UNESCO-IMTA\",\"publisher\":{\"@id\":\"https:\\\/\\\/atl.org.mx\\\/#organization\"},\"potentialAction\":[{\"@type\":\"SearchAction\",\"target\":{\"@type\":\"EntryPoint\",\"urlTemplate\":\"https:\\\/\\\/atl.org.mx\\\/?s={search_term_string}\"},\"query-input\":{\"@type\":\"PropertyValueSpecification\",\"valueRequired\":true,\"valueName\":\"search_term_string\"}}],\"inLanguage\":\"es\"},{\"@type\":\"Organization\",\"@id\":\"https:\\\/\\\/atl.org.mx\\\/#organization\",\"name\":\"ATL el portal del agua de la C\u00e1tedra Unesco IMTA\",\"url\":\"https:\\\/\\\/atl.org.mx\\\/\",\"logo\":{\"@type\":\"ImageObject\",\"inLanguage\":\"es\",\"@id\":\"https:\\\/\\\/atl.org.mx\\\/#\\\/schema\\\/logo\\\/image\\\/\",\"url\":\"https:\\\/\\\/atl.org.mx\\\/wp-content\\\/uploads\\\/2023\\\/09\\\/logo_atl_catedra3.png\",\"contentUrl\":\"https:\\\/\\\/atl.org.mx\\\/wp-content\\\/uploads\\\/2023\\\/09\\\/logo_atl_catedra3.png\",\"width\":250,\"height\":151,\"caption\":\"ATL el portal del agua de la C\u00e1tedra Unesco IMTA\"},\"image\":{\"@id\":\"https:\\\/\\\/atl.org.mx\\\/#\\\/schema\\\/logo\\\/image\\\/\"}},{\"@type\":\"Person\",\"@id\":\"https:\\\/\\\/atl.org.mx\\\/#\\\/schema\\\/person\\\/995618feab35b3f396e4b75cfef7b36f\",\"name\":\"Catedra Unesco\",\"sameAs\":[\"http:\\\/\\\/atl.org.mx\"],\"url\":\"https:\\\/\\\/atl.org.mx\\\/index.php\\\/author\\\/catedraatl\\\/\"}]}<\/script>\n<!-- \/ Yoast SEO plugin. -->","yoast_head_json":{"title":"D\u00eda del Bi\u00f3logo en M\u00e9xico - ATL el portal del agua de la C\u00e1tedra Unesco IMTA","robots":{"index":"index","follow":"follow","max-snippet":"max-snippet:-1","max-image-preview":"max-image-preview:large","max-video-preview":"max-video-preview:-1"},"canonical":"https:\/\/atl.org.mx\/index.php\/dia-del-biologo-en-mexico\/","og_locale":"es_MX","og_type":"article","og_title":"D\u00eda del Bi\u00f3logo en M\u00e9xico - ATL el portal del agua de la C\u00e1tedra Unesco IMTA","og_description":"Celebrando a los guardianes de la naturaleza El 25 de enero celebramos en nuestro pa\u00eds a los profesionales que dedican su labor&hellip;","og_url":"https:\/\/atl.org.mx\/index.php\/dia-del-biologo-en-mexico\/","og_site_name":"ATL el portal del agua de la C\u00e1tedra Unesco IMTA","article_published_time":"2025-01-24T22:39:08+00:00","article_modified_time":"2025-01-28T15:57:48+00:00","og_image":[{"width":676,"height":325,"url":"https:\/\/atl.org.mx\/wp-content\/uploads\/2025\/01\/dia-del-biologo.jpg","type":"image\/jpeg"}],"author":"Catedra Unesco","twitter_card":"summary_large_image","twitter_misc":{"Escrito por":"Catedra Unesco","Tiempo de lectura":"2 minutos"},"schema":{"@context":"https:\/\/schema.org","@graph":[{"@type":"Article","@id":"https:\/\/atl.org.mx\/index.php\/dia-del-biologo-en-mexico\/#article","isPartOf":{"@id":"https:\/\/atl.org.mx\/index.php\/dia-del-biologo-en-mexico\/"},"author":{"name":"Catedra Unesco","@id":"https:\/\/atl.org.mx\/#\/schema\/person\/995618feab35b3f396e4b75cfef7b36f"},"headline":"D\u00eda del Bi\u00f3logo en M\u00e9xico","datePublished":"2025-01-24T22:39:08+00:00","dateModified":"2025-01-28T15:57:48+00:00","mainEntityOfPage":{"@id":"https:\/\/atl.org.mx\/index.php\/dia-del-biologo-en-mexico\/"},"wordCount":353,"publisher":{"@id":"https:\/\/atl.org.mx\/#organization"},"image":{"@id":"https:\/\/atl.org.mx\/index.php\/dia-del-biologo-en-mexico\/#primaryimage"},"thumbnailUrl":"https:\/\/atl.org.mx\/wp-content\/uploads\/2025\/01\/dia-del-biologo.jpg","articleSection":["D\u00edas internacionales"],"inLanguage":"es"},{"@type":"WebPage","@id":"https:\/\/atl.org.mx\/index.php\/dia-del-biologo-en-mexico\/","url":"https:\/\/atl.org.mx\/index.php\/dia-del-biologo-en-mexico\/","name":"D\u00eda del Bi\u00f3logo en M\u00e9xico - ATL el portal del agua de la C\u00e1tedra Unesco IMTA","isPartOf":{"@id":"https:\/\/atl.org.mx\/#website"},"primaryImageOfPage":{"@id":"https:\/\/atl.org.mx\/index.php\/dia-del-biologo-en-mexico\/#primaryimage"},"image":{"@id":"https:\/\/atl.org.mx\/index.php\/dia-del-biologo-en-mexico\/#primaryimage"},"thumbnailUrl":"https:\/\/atl.org.mx\/wp-content\/uploads\/2025\/01\/dia-del-biologo.jpg","datePublished":"2025-01-24T22:39:08+00:00","dateModified":"2025-01-28T15:57:48+00:00","breadcrumb":{"@id":"https:\/\/atl.org.mx\/index.php\/dia-del-biologo-en-mexico\/#breadcrumb"},"inLanguage":"es","potentialAction":[{"@type":"ReadAction","target":["https:\/\/atl.org.mx\/index.php\/dia-del-biologo-en-mexico\/"]}]},{"@type":"ImageObject","inLanguage":"es","@id":"https:\/\/atl.org.mx\/index.php\/dia-del-biologo-en-mexico\/#primaryimage","url":"https:\/\/atl.org.mx\/wp-content\/uploads\/2025\/01\/dia-del-biologo.jpg","contentUrl":"https:\/\/atl.org.mx\/wp-content\/uploads\/2025\/01\/dia-del-biologo.jpg","width":676,"height":325,"caption":"Imagen ilustratica"},{"@type":"BreadcrumbList","@id":"https:\/\/atl.org.mx\/index.php\/dia-del-biologo-en-mexico\/#breadcrumb","itemListElement":[{"@type":"ListItem","position":1,"name":"Inicio","item":"https:\/\/atl.org.mx\/"},{"@type":"ListItem","position":2,"name":"D\u00eda del Bi\u00f3logo en M\u00e9xico"}]},{"@type":"WebSite","@id":"https:\/\/atl.org.mx\/#website","url":"https:\/\/atl.org.mx\/","name":"ATL el portal del agua de la C\u00e1tedra Unesco IMTA","description":"C\u00e1tedra UNESCO-IMTA","publisher":{"@id":"https:\/\/atl.org.mx\/#organization"},"potentialAction":[{"@type":"SearchAction","target":{"@type":"EntryPoint","urlTemplate":"https:\/\/atl.org.mx\/?s={search_term_string}"},"query-input":{"@type":"PropertyValueSpecification","valueRequired":true,"valueName":"search_term_string"}}],"inLanguage":"es"},{"@type":"Organization","@id":"https:\/\/atl.org.mx\/#organization","name":"ATL el portal del agua de la C\u00e1tedra Unesco IMTA","url":"https:\/\/atl.org.mx\/","logo":{"@type":"ImageObject","inLanguage":"es","@id":"https:\/\/atl.org.mx\/#\/schema\/logo\/image\/","url":"https:\/\/atl.org.mx\/wp-content\/uploads\/2023\/09\/logo_atl_catedra3.png","contentUrl":"https:\/\/atl.org.mx\/wp-content\/uploads\/2023\/09\/logo_atl_catedra3.png","width":250,"height":151,"caption":"ATL el portal del agua de la C\u00e1tedra Unesco IMTA"},"image":{"@id":"https:\/\/atl.org.mx\/#\/schema\/logo\/image\/"}},{"@type":"Person","@id":"https:\/\/atl.org.mx\/#\/schema\/person\/995618feab35b3f396e4b75cfef7b36f","name":"Catedra Unesco","sameAs":["http:\/\/atl.org.mx"],"url":"https:\/\/atl.org.mx\/index.php\/author\/catedraatl\/"}]}},"_links":{"self":[{"href":"https:\/\/atl.org.mx\/index.php\/wp-json\/wp\/v2\/posts\/9917","targetHints":{"allow":["GET"]}}],"collection":[{"href":"https:\/\/atl.org.mx\/index.php\/wp-json\/wp\/v2\/posts"}],"about":[{"href":"https:\/\/atl.org.mx\/index.php\/wp-json\/wp\/v2\/types\/post"}],"author":[{"embeddable":true,"href":"https:\/\/atl.org.mx\/index.php\/wp-json\/wp\/v2\/users\/2"}],"replies":[{"embeddable":true,"href":"https:\/\/atl.org.mx\/index.php\/wp-json\/wp\/v2\/comments?post=9917"}],"version-history":[{"count":4,"href":"https:\/\/atl.org.mx\/index.php\/wp-json\/wp\/v2\/posts\/9917\/revisions"}],"predecessor-version":[{"id":9922,"href":"https:\/\/atl.org.mx\/index.php\/wp-json\/wp\/v2\/posts\/9917\/revisions\/9922"}],"wp:featuredmedia":[{"embeddable":true,"href":"https:\/\/atl.org.mx\/index.php\/wp-json\/wp\/v2\/media\/9918"}],"wp:attachment":[{"href":"https:\/\/atl.org.mx\/index.php\/wp-json\/wp\/v2\/media?parent=9917"}],"wp:term":[{"taxonomy":"category","embeddable":true,"href":"https:\/\/atl.org.mx\/index.php\/wp-json\/wp\/v2\/categories?post=9917"},{"taxonomy":"post_tag","embeddable":true,"href":"https:\/\/atl.org.mx\/index.php\/wp-json\/wp\/v2\/tags?post=9917"}],"curies":[{"name":"wp","href":"https:\/\/api.w.org\/{rel}","templated":true}]}}