{"id":9616,"date":"2024-11-10T19:44:39","date_gmt":"2024-11-10T19:44:39","guid":{"rendered":"https:\/\/atl.org.mx\/?p=9616"},"modified":"2024-11-11T20:45:21","modified_gmt":"2024-11-11T20:45:21","slug":"dia-mundial-de-la-ciencia-para-la-paz","status":"publish","type":"post","link":"https:\/\/atl.org.mx\/index.php\/dia-mundial-de-la-ciencia-para-la-paz\/","title":{"rendered":"D\u00eda Mundial de la Ciencia para la Paz y el Desarrollo 2024"},"content":{"rendered":"\t\t<div data-elementor-type=\"wp-post\" data-elementor-id=\"9616\" class=\"elementor elementor-9616\">\n\t\t\t\t\t\t<section class=\"penci-section penci-disSticky penci-structure-10 elementor-section elementor-top-section elementor-element elementor-element-3821c2f4 elementor-section-boxed elementor-section-height-default elementor-section-height-default\" data-id=\"3821c2f4\" data-element_type=\"section\" data-e-type=\"section\">\n\t\t\t\t\t\t<div class=\"elementor-container elementor-column-gap-default\">\n\t\t\t\t\t<div class=\"penci-ercol-100 penci-ercol-order-1 penci-sticky-ct    elementor-column elementor-col-100 elementor-top-column elementor-element elementor-element-1c88b715\" data-id=\"1c88b715\" data-element_type=\"column\" data-e-type=\"column\">\n\t\t\t<div class=\"elementor-widget-wrap elementor-element-populated\">\n\t\t\t\t\t\t\t<\/div>\n\t\t<\/div>\n\t\t\t\t\t<\/div>\n\t\t<\/section>\n\t\t\t\t<section class=\"penci-section penci-disSticky penci-structure-10 elementor-section elementor-top-section elementor-element elementor-element-d471fa1 elementor-section-boxed elementor-section-height-default elementor-section-height-default\" data-id=\"d471fa1\" data-element_type=\"section\" data-e-type=\"section\">\n\t\t\t\t\t\t<div class=\"elementor-container elementor-column-gap-default\">\n\t\t\t\t\t<div class=\"penci-ercol-100 penci-ercol-order-1 penci-sticky-ct    elementor-column elementor-col-100 elementor-top-column elementor-element elementor-element-7878c74\" data-id=\"7878c74\" data-element_type=\"column\" data-e-type=\"column\">\n\t\t\t<div class=\"elementor-widget-wrap elementor-element-populated\">\n\t\t\t\t\t\t<div class=\"elementor-element elementor-element-875a6d1 elementor-widget elementor-widget-text-editor\" data-id=\"875a6d1\" data-element_type=\"widget\" data-e-type=\"widget\" data-widget_type=\"text-editor.default\">\n\t\t\t\t<div class=\"elementor-widget-container\">\n\t\t\t\t\t\t\t\t\t<p>Las crisis econ\u00f3micas y sociales de los \u00faltimos a\u00f1os, los desastres naturales por efecto del cambio clim\u00e1tico, las tensiones geopol\u00edticas y los conflictos armados en Ucrania y el Medio Oriente, -cuya creciente escalada ha llevado las guerras en el mundo a su mayor expresi\u00f3n en 80 a\u00f1os- han retrasado considerablemente, o incluso revertido, los avances hacia la justicia y la paz social de los a\u00f1os previos a la pandemia ocasionada por el COVID-19.<\/p>\n<p>Al fomentar la cooperaci\u00f3n internacional la ciencia tiene un papel fundamental en la construcci\u00f3n de la paz en el mundo. Acercar la ciencia, la tecnolog\u00eda y la innovaci\u00f3n a la sociedad es el objetivo principal del <strong>D\u00eda Mundial de la Ciencia para la Paz y el Desarrollo<\/strong>, que se celebra el 10 de noviembre.<\/p>\n<p>Desde las vacunas desarrolladas y fabricadas contra la COVID-19 hasta las m\u00faltiples aplicaciones de la inteligencia artificial que reci\u00e9n hemos comenzado a explorar -y cuyos riesgos y vulnerabilidades se han comenzado a desvelar- la ciencia est\u00e1 presente en pr\u00e1cticamente todos los aspectos de nuestras vidas.<\/p>\n<p>Es la herramienta que el ser humano ha creado para comprender el mundo que le rodea y aplicar ese conocimiento en la soluci\u00f3n de los grandes desaf\u00edos econ\u00f3micos, sociales y medioambientales. Peligros como el cambio clim\u00e1tico que amenaza seriamente la vida de miles de millones de personas en el planeta.<\/p>\n<p>De acuerdo con la Organizaci\u00f3n Meteorol\u00f3gica Mundial (OMM), en el periodo comprendido entre 1970 y 2019, m\u00e1s de dos\u00a0millones de personas perdieron la vida debido a fen\u00f3menos meteorol\u00f3gicos, clim\u00e1ticos e hidrol\u00f3gicos extremos. M\u00e1s del 91% de esas muertes ocurrieron en pa\u00edses en desarrollo<a href=\"#_edn1\" name=\"_ednref1\">\u00b9<\/a>. De seguir su curso, la crisis clim\u00e1tica podr\u00eda sumir en la pobreza a unos 135 millones de personas de aqu\u00ed a 2030 \u00b2.<\/p>\n<p>Al estrechar el v\u00ednculo de la ciencia con la sociedad, se busca volver la ciencia accesible a todos y ampliar nuestra comprensi\u00f3n acerca de la fragilidad de nuestro planeta y de la urgente necesidad de actuar en consecuencia. Asimismo, servir para que el p\u00fablico en general tome conciencia de la estrecha relaci\u00f3n que existe entre la ciencia y la paz, as\u00ed como aumentar la cooperaci\u00f3n de los investigadores en las aplicaciones de la ciencia para la promoci\u00f3n de la paz en el mundo.\u00a0<\/p>\n<p><strong>Conocimiento al servicio de M\u00e9xico<\/strong><\/p>\n<p>En M\u00e9xico, el IMTA -centro p\u00fablico de investigaci\u00f3n- estimula la cooperaci\u00f3n entre los diversos campos de las ciencias del agua y favorece el paso del conocimiento a trav\u00e9s de las fronteras disciplinarias. Su misi\u00f3n: producir, implantar y transferir conocimiento, tecnolog\u00eda e innovaci\u00f3n para la gesti\u00f3n sustentable del agua.<\/p>\n<ul>\n<li>En materia de <strong>seguridad h\u00eddrica<\/strong>, el Instituto profundiza en temas como la vinculaci\u00f3n agua y territorio, el estudio de asuntos transfronterizos; el v\u00ednculo agua-energ\u00eda-alimentos, as\u00ed como el empleo del agua en diversos proyectos productivos. Asimismo, genera bases cient\u00edficas de conocimiento de los eventos extremos y el cambio clim\u00e1tico.<\/li>\n<li>En torno a <strong>calidad del agua y ecolog\u00eda<\/strong>, el IMTA investiga y desarrolla sistemas de potabilizaci\u00f3n, saneamiento y reutilizaci\u00f3n del agua, as\u00ed como para el monitoreo y la evaluaci\u00f3n de la calidad del agua desde un enfoque ecohidrol\u00f3gico. En a\u00f1os recientes, el Instituto ha colaborado en el desarrollo de proyectos y soluciones descentralizadas para garantizar el derecho humano al agua y saneamiento de comunidades en situaci\u00f3n de precariedad h\u00eddrica e hist\u00f3ricamente marginadas en nuestro pa\u00eds.<\/li>\n<li>El IMTA lleva a cabo experimentaci\u00f3n f\u00edsica e innovaci\u00f3n tecnol\u00f3gica en <strong>sistemas h\u00eddricos<\/strong>, desarrollo de infraestructura verde y sistemas hidr\u00e1ulicos, as\u00ed como el estudio y desarrollo de sistemas de gesti\u00f3n de aguas subterr\u00e1neas, superficiales y oce\u00e1nicas.<\/li>\n<li>En torno a la <strong>gobernanza del agua, <\/strong>el IMTA estudia y desarrolla procesos asociados a la participaci\u00f3n ciudadana, a los derechos humanos, a pol\u00edticas p\u00fablicas y factores econ\u00f3micos vinculados con el agua. Tambi\u00e9n lleva a cabo procesos de comunicaci\u00f3n, divulgaci\u00f3n y cultura del agua.<\/li>\n<li>Mediante la formaci\u00f3n de recursos humanos calificados y su vinculaci\u00f3n con el quehacer cient\u00edfico, el desarrollo tecnol\u00f3gico y el sector productivo, el Instituto participa en la formaci\u00f3n y <br \/>actualizaci\u00f3n de capital humano para la profesionalizaci\u00f3n y productividad del sector h\u00eddrico.<\/li>\n<\/ul>\n<p>En suma, el IMTA perfila nuevos enfoques en materia de investigaci\u00f3n y desarrollo tecnol\u00f3gico, genera el mejor conocimiento cient\u00edfico disponible en materia h\u00eddrica y transfiere tecnolog\u00eda para fortalecer las capacidades institucionales del sector agua y medio ambiente, as\u00ed como para apoyar las pol\u00edticas que permitan detonar el crecimiento sostenido y sustentable de M\u00e9xico.<\/p>\n<p>\u00b9<a href=\"https:\/\/www.france24.com\/es\/medio-ambiente\/20210902-cambio-climatico-aumento-wmo-perdidas\" target=\"_blank\" rel=\"noopener\">www.france24.com<\/a><\/p>\n<p>\u00b2\u00a0 PNUD Annual-Report-2023-Spanish.pdf<\/p>\t\t\t\t\t\t\t\t<\/div>\n\t\t\t\t<\/div>\n\t\t\t\t\t<\/div>\n\t\t<\/div>\n\t\t\t\t\t<\/div>\n\t\t<\/section>\n\t\t\t\t<\/div>\n\t\t","protected":false},"excerpt":{"rendered":"<p>Las crisis econ\u00f3micas y sociales de los \u00faltimos a\u00f1os, los desastres naturales por efecto del cambio clim\u00e1tico, las tensiones geopol\u00edticas y los&hellip;<\/p>\n","protected":false},"author":2,"featured_media":9628,"comment_status":"closed","ping_status":"closed","sticky":false,"template":"","format":"standard","meta":{"content-type":"","_lmt_disableupdate":"","_lmt_disable":"","footnotes":""},"categories":[176,193],"tags":[425,177],"class_list":["post-9616","post","type-post","status-publish","format-standard","has-post-thumbnail","hentry","category-dias-internacionales","category-noticias-imta","tag-ciencia-para-la-paz","tag-dia-mundial"],"yoast_head":"<!-- This site is optimized with the Yoast SEO plugin v27.4 - https:\/\/yoast.com\/product\/yoast-seo-wordpress\/ -->\n<title>D\u00eda Mundial de la Ciencia para la Paz y el Desarrollo 2024 - ATL el portal del agua de la C\u00e1tedra Unesco IMTA<\/title>\n<meta name=\"robots\" content=\"index, follow, max-snippet:-1, max-image-preview:large, max-video-preview:-1\" \/>\n<link rel=\"canonical\" href=\"https:\/\/atl.org.mx\/index.php\/dia-mundial-de-la-ciencia-para-la-paz\/\" \/>\n<meta property=\"og:locale\" content=\"es_MX\" \/>\n<meta property=\"og:type\" content=\"article\" \/>\n<meta property=\"og:title\" content=\"D\u00eda Mundial de la Ciencia para la Paz y el Desarrollo 2024 - ATL el portal del agua de la C\u00e1tedra Unesco IMTA\" \/>\n<meta property=\"og:description\" content=\"Las crisis econ\u00f3micas y sociales de los \u00faltimos a\u00f1os, los desastres naturales por efecto del cambio clim\u00e1tico, las tensiones geopol\u00edticas y los&hellip;\" \/>\n<meta property=\"og:url\" content=\"https:\/\/atl.org.mx\/index.php\/dia-mundial-de-la-ciencia-para-la-paz\/\" \/>\n<meta property=\"og:site_name\" content=\"ATL el portal del agua de la C\u00e1tedra Unesco IMTA\" \/>\n<meta property=\"article:published_time\" content=\"2024-11-10T19:44:39+00:00\" \/>\n<meta property=\"article:modified_time\" content=\"2024-11-11T20:45:21+00:00\" \/>\n<meta property=\"og:image\" content=\"https:\/\/atl.org.mx\/wp-content\/uploads\/2024\/11\/dia-mundial-scaled.jpg\" \/>\n\t<meta property=\"og:image:width\" content=\"2560\" \/>\n\t<meta property=\"og:image:height\" content=\"1749\" \/>\n\t<meta property=\"og:image:type\" content=\"image\/jpeg\" \/>\n<meta name=\"author\" content=\"Catedra Unesco\" \/>\n<meta name=\"twitter:card\" content=\"summary_large_image\" \/>\n<meta name=\"twitter:label1\" content=\"Escrito por\" \/>\n\t<meta name=\"twitter:data1\" content=\"Catedra Unesco\" \/>\n\t<meta name=\"twitter:label2\" content=\"Tiempo de lectura\" \/>\n\t<meta name=\"twitter:data2\" content=\"4 minutos\" \/>\n<script type=\"application\/ld+json\" class=\"yoast-schema-graph\">{\"@context\":\"https:\\\/\\\/schema.org\",\"@graph\":[{\"@type\":\"Article\",\"@id\":\"https:\\\/\\\/atl.org.mx\\\/index.php\\\/dia-mundial-de-la-ciencia-para-la-paz\\\/#article\",\"isPartOf\":{\"@id\":\"https:\\\/\\\/atl.org.mx\\\/index.php\\\/dia-mundial-de-la-ciencia-para-la-paz\\\/\"},\"author\":{\"name\":\"Catedra Unesco\",\"@id\":\"https:\\\/\\\/atl.org.mx\\\/#\\\/schema\\\/person\\\/995618feab35b3f396e4b75cfef7b36f\"},\"headline\":\"D\u00eda Mundial de la Ciencia para la Paz y el Desarrollo 2024\",\"datePublished\":\"2024-11-10T19:44:39+00:00\",\"dateModified\":\"2024-11-11T20:45:21+00:00\",\"mainEntityOfPage\":{\"@id\":\"https:\\\/\\\/atl.org.mx\\\/index.php\\\/dia-mundial-de-la-ciencia-para-la-paz\\\/\"},\"wordCount\":825,\"publisher\":{\"@id\":\"https:\\\/\\\/atl.org.mx\\\/#organization\"},\"image\":{\"@id\":\"https:\\\/\\\/atl.org.mx\\\/index.php\\\/dia-mundial-de-la-ciencia-para-la-paz\\\/#primaryimage\"},\"thumbnailUrl\":\"https:\\\/\\\/atl.org.mx\\\/wp-content\\\/uploads\\\/2024\\\/11\\\/dia-mundial-scaled.jpg\",\"keywords\":[\"ciencia para la paz\",\"D\u00eda Mundial\"],\"articleSection\":[\"D\u00edas internacionales\",\"Noticias IMTA\"],\"inLanguage\":\"es\"},{\"@type\":\"WebPage\",\"@id\":\"https:\\\/\\\/atl.org.mx\\\/index.php\\\/dia-mundial-de-la-ciencia-para-la-paz\\\/\",\"url\":\"https:\\\/\\\/atl.org.mx\\\/index.php\\\/dia-mundial-de-la-ciencia-para-la-paz\\\/\",\"name\":\"D\u00eda Mundial de la Ciencia para la Paz y el Desarrollo 2024 - ATL el portal del agua de la C\u00e1tedra Unesco IMTA\",\"isPartOf\":{\"@id\":\"https:\\\/\\\/atl.org.mx\\\/#website\"},\"primaryImageOfPage\":{\"@id\":\"https:\\\/\\\/atl.org.mx\\\/index.php\\\/dia-mundial-de-la-ciencia-para-la-paz\\\/#primaryimage\"},\"image\":{\"@id\":\"https:\\\/\\\/atl.org.mx\\\/index.php\\\/dia-mundial-de-la-ciencia-para-la-paz\\\/#primaryimage\"},\"thumbnailUrl\":\"https:\\\/\\\/atl.org.mx\\\/wp-content\\\/uploads\\\/2024\\\/11\\\/dia-mundial-scaled.jpg\",\"datePublished\":\"2024-11-10T19:44:39+00:00\",\"dateModified\":\"2024-11-11T20:45:21+00:00\",\"breadcrumb\":{\"@id\":\"https:\\\/\\\/atl.org.mx\\\/index.php\\\/dia-mundial-de-la-ciencia-para-la-paz\\\/#breadcrumb\"},\"inLanguage\":\"es\",\"potentialAction\":[{\"@type\":\"ReadAction\",\"target\":[\"https:\\\/\\\/atl.org.mx\\\/index.php\\\/dia-mundial-de-la-ciencia-para-la-paz\\\/\"]}]},{\"@type\":\"ImageObject\",\"inLanguage\":\"es\",\"@id\":\"https:\\\/\\\/atl.org.mx\\\/index.php\\\/dia-mundial-de-la-ciencia-para-la-paz\\\/#primaryimage\",\"url\":\"https:\\\/\\\/atl.org.mx\\\/wp-content\\\/uploads\\\/2024\\\/11\\\/dia-mundial-scaled.jpg\",\"contentUrl\":\"https:\\\/\\\/atl.org.mx\\\/wp-content\\\/uploads\\\/2024\\\/11\\\/dia-mundial-scaled.jpg\",\"width\":2560,\"height\":1749},{\"@type\":\"BreadcrumbList\",\"@id\":\"https:\\\/\\\/atl.org.mx\\\/index.php\\\/dia-mundial-de-la-ciencia-para-la-paz\\\/#breadcrumb\",\"itemListElement\":[{\"@type\":\"ListItem\",\"position\":1,\"name\":\"Inicio\",\"item\":\"https:\\\/\\\/atl.org.mx\\\/\"},{\"@type\":\"ListItem\",\"position\":2,\"name\":\"D\u00eda Mundial de la Ciencia para la Paz y el Desarrollo 2024\"}]},{\"@type\":\"WebSite\",\"@id\":\"https:\\\/\\\/atl.org.mx\\\/#website\",\"url\":\"https:\\\/\\\/atl.org.mx\\\/\",\"name\":\"ATL el portal del agua de la C\u00e1tedra Unesco IMTA\",\"description\":\"C\u00e1tedra UNESCO-IMTA\",\"publisher\":{\"@id\":\"https:\\\/\\\/atl.org.mx\\\/#organization\"},\"potentialAction\":[{\"@type\":\"SearchAction\",\"target\":{\"@type\":\"EntryPoint\",\"urlTemplate\":\"https:\\\/\\\/atl.org.mx\\\/?s={search_term_string}\"},\"query-input\":{\"@type\":\"PropertyValueSpecification\",\"valueRequired\":true,\"valueName\":\"search_term_string\"}}],\"inLanguage\":\"es\"},{\"@type\":\"Organization\",\"@id\":\"https:\\\/\\\/atl.org.mx\\\/#organization\",\"name\":\"ATL el portal del agua de la C\u00e1tedra Unesco IMTA\",\"url\":\"https:\\\/\\\/atl.org.mx\\\/\",\"logo\":{\"@type\":\"ImageObject\",\"inLanguage\":\"es\",\"@id\":\"https:\\\/\\\/atl.org.mx\\\/#\\\/schema\\\/logo\\\/image\\\/\",\"url\":\"https:\\\/\\\/atl.org.mx\\\/wp-content\\\/uploads\\\/2023\\\/09\\\/logo_atl_catedra3.png\",\"contentUrl\":\"https:\\\/\\\/atl.org.mx\\\/wp-content\\\/uploads\\\/2023\\\/09\\\/logo_atl_catedra3.png\",\"width\":250,\"height\":151,\"caption\":\"ATL el portal del agua de la C\u00e1tedra Unesco IMTA\"},\"image\":{\"@id\":\"https:\\\/\\\/atl.org.mx\\\/#\\\/schema\\\/logo\\\/image\\\/\"}},{\"@type\":\"Person\",\"@id\":\"https:\\\/\\\/atl.org.mx\\\/#\\\/schema\\\/person\\\/995618feab35b3f396e4b75cfef7b36f\",\"name\":\"Catedra Unesco\",\"sameAs\":[\"http:\\\/\\\/atl.org.mx\"],\"url\":\"https:\\\/\\\/atl.org.mx\\\/index.php\\\/author\\\/catedraatl\\\/\"}]}<\/script>\n<!-- \/ Yoast SEO plugin. -->","yoast_head_json":{"title":"D\u00eda Mundial de la Ciencia para la Paz y el Desarrollo 2024 - ATL el portal del agua de la C\u00e1tedra Unesco IMTA","robots":{"index":"index","follow":"follow","max-snippet":"max-snippet:-1","max-image-preview":"max-image-preview:large","max-video-preview":"max-video-preview:-1"},"canonical":"https:\/\/atl.org.mx\/index.php\/dia-mundial-de-la-ciencia-para-la-paz\/","og_locale":"es_MX","og_type":"article","og_title":"D\u00eda Mundial de la Ciencia para la Paz y el Desarrollo 2024 - ATL el portal del agua de la C\u00e1tedra Unesco IMTA","og_description":"Las crisis econ\u00f3micas y sociales de los \u00faltimos a\u00f1os, los desastres naturales por efecto del cambio clim\u00e1tico, las tensiones geopol\u00edticas y los&hellip;","og_url":"https:\/\/atl.org.mx\/index.php\/dia-mundial-de-la-ciencia-para-la-paz\/","og_site_name":"ATL el portal del agua de la C\u00e1tedra Unesco IMTA","article_published_time":"2024-11-10T19:44:39+00:00","article_modified_time":"2024-11-11T20:45:21+00:00","og_image":[{"width":2560,"height":1749,"url":"https:\/\/atl.org.mx\/wp-content\/uploads\/2024\/11\/dia-mundial-scaled.jpg","type":"image\/jpeg"}],"author":"Catedra Unesco","twitter_card":"summary_large_image","twitter_misc":{"Escrito por":"Catedra Unesco","Tiempo de lectura":"4 minutos"},"schema":{"@context":"https:\/\/schema.org","@graph":[{"@type":"Article","@id":"https:\/\/atl.org.mx\/index.php\/dia-mundial-de-la-ciencia-para-la-paz\/#article","isPartOf":{"@id":"https:\/\/atl.org.mx\/index.php\/dia-mundial-de-la-ciencia-para-la-paz\/"},"author":{"name":"Catedra Unesco","@id":"https:\/\/atl.org.mx\/#\/schema\/person\/995618feab35b3f396e4b75cfef7b36f"},"headline":"D\u00eda Mundial de la Ciencia para la Paz y el Desarrollo 2024","datePublished":"2024-11-10T19:44:39+00:00","dateModified":"2024-11-11T20:45:21+00:00","mainEntityOfPage":{"@id":"https:\/\/atl.org.mx\/index.php\/dia-mundial-de-la-ciencia-para-la-paz\/"},"wordCount":825,"publisher":{"@id":"https:\/\/atl.org.mx\/#organization"},"image":{"@id":"https:\/\/atl.org.mx\/index.php\/dia-mundial-de-la-ciencia-para-la-paz\/#primaryimage"},"thumbnailUrl":"https:\/\/atl.org.mx\/wp-content\/uploads\/2024\/11\/dia-mundial-scaled.jpg","keywords":["ciencia para la paz","D\u00eda Mundial"],"articleSection":["D\u00edas internacionales","Noticias IMTA"],"inLanguage":"es"},{"@type":"WebPage","@id":"https:\/\/atl.org.mx\/index.php\/dia-mundial-de-la-ciencia-para-la-paz\/","url":"https:\/\/atl.org.mx\/index.php\/dia-mundial-de-la-ciencia-para-la-paz\/","name":"D\u00eda Mundial de la Ciencia para la Paz y el Desarrollo 2024 - ATL el portal del agua de la C\u00e1tedra Unesco IMTA","isPartOf":{"@id":"https:\/\/atl.org.mx\/#website"},"primaryImageOfPage":{"@id":"https:\/\/atl.org.mx\/index.php\/dia-mundial-de-la-ciencia-para-la-paz\/#primaryimage"},"image":{"@id":"https:\/\/atl.org.mx\/index.php\/dia-mundial-de-la-ciencia-para-la-paz\/#primaryimage"},"thumbnailUrl":"https:\/\/atl.org.mx\/wp-content\/uploads\/2024\/11\/dia-mundial-scaled.jpg","datePublished":"2024-11-10T19:44:39+00:00","dateModified":"2024-11-11T20:45:21+00:00","breadcrumb":{"@id":"https:\/\/atl.org.mx\/index.php\/dia-mundial-de-la-ciencia-para-la-paz\/#breadcrumb"},"inLanguage":"es","potentialAction":[{"@type":"ReadAction","target":["https:\/\/atl.org.mx\/index.php\/dia-mundial-de-la-ciencia-para-la-paz\/"]}]},{"@type":"ImageObject","inLanguage":"es","@id":"https:\/\/atl.org.mx\/index.php\/dia-mundial-de-la-ciencia-para-la-paz\/#primaryimage","url":"https:\/\/atl.org.mx\/wp-content\/uploads\/2024\/11\/dia-mundial-scaled.jpg","contentUrl":"https:\/\/atl.org.mx\/wp-content\/uploads\/2024\/11\/dia-mundial-scaled.jpg","width":2560,"height":1749},{"@type":"BreadcrumbList","@id":"https:\/\/atl.org.mx\/index.php\/dia-mundial-de-la-ciencia-para-la-paz\/#breadcrumb","itemListElement":[{"@type":"ListItem","position":1,"name":"Inicio","item":"https:\/\/atl.org.mx\/"},{"@type":"ListItem","position":2,"name":"D\u00eda Mundial de la Ciencia para la Paz y el Desarrollo 2024"}]},{"@type":"WebSite","@id":"https:\/\/atl.org.mx\/#website","url":"https:\/\/atl.org.mx\/","name":"ATL el portal del agua de la C\u00e1tedra Unesco IMTA","description":"C\u00e1tedra UNESCO-IMTA","publisher":{"@id":"https:\/\/atl.org.mx\/#organization"},"potentialAction":[{"@type":"SearchAction","target":{"@type":"EntryPoint","urlTemplate":"https:\/\/atl.org.mx\/?s={search_term_string}"},"query-input":{"@type":"PropertyValueSpecification","valueRequired":true,"valueName":"search_term_string"}}],"inLanguage":"es"},{"@type":"Organization","@id":"https:\/\/atl.org.mx\/#organization","name":"ATL el portal del agua de la C\u00e1tedra Unesco IMTA","url":"https:\/\/atl.org.mx\/","logo":{"@type":"ImageObject","inLanguage":"es","@id":"https:\/\/atl.org.mx\/#\/schema\/logo\/image\/","url":"https:\/\/atl.org.mx\/wp-content\/uploads\/2023\/09\/logo_atl_catedra3.png","contentUrl":"https:\/\/atl.org.mx\/wp-content\/uploads\/2023\/09\/logo_atl_catedra3.png","width":250,"height":151,"caption":"ATL el portal del agua de la C\u00e1tedra Unesco IMTA"},"image":{"@id":"https:\/\/atl.org.mx\/#\/schema\/logo\/image\/"}},{"@type":"Person","@id":"https:\/\/atl.org.mx\/#\/schema\/person\/995618feab35b3f396e4b75cfef7b36f","name":"Catedra Unesco","sameAs":["http:\/\/atl.org.mx"],"url":"https:\/\/atl.org.mx\/index.php\/author\/catedraatl\/"}]}},"_links":{"self":[{"href":"https:\/\/atl.org.mx\/index.php\/wp-json\/wp\/v2\/posts\/9616","targetHints":{"allow":["GET"]}}],"collection":[{"href":"https:\/\/atl.org.mx\/index.php\/wp-json\/wp\/v2\/posts"}],"about":[{"href":"https:\/\/atl.org.mx\/index.php\/wp-json\/wp\/v2\/types\/post"}],"author":[{"embeddable":true,"href":"https:\/\/atl.org.mx\/index.php\/wp-json\/wp\/v2\/users\/2"}],"replies":[{"embeddable":true,"href":"https:\/\/atl.org.mx\/index.php\/wp-json\/wp\/v2\/comments?post=9616"}],"version-history":[{"count":11,"href":"https:\/\/atl.org.mx\/index.php\/wp-json\/wp\/v2\/posts\/9616\/revisions"}],"predecessor-version":[{"id":9627,"href":"https:\/\/atl.org.mx\/index.php\/wp-json\/wp\/v2\/posts\/9616\/revisions\/9627"}],"wp:featuredmedia":[{"embeddable":true,"href":"https:\/\/atl.org.mx\/index.php\/wp-json\/wp\/v2\/media\/9628"}],"wp:attachment":[{"href":"https:\/\/atl.org.mx\/index.php\/wp-json\/wp\/v2\/media?parent=9616"}],"wp:term":[{"taxonomy":"category","embeddable":true,"href":"https:\/\/atl.org.mx\/index.php\/wp-json\/wp\/v2\/categories?post=9616"},{"taxonomy":"post_tag","embeddable":true,"href":"https:\/\/atl.org.mx\/index.php\/wp-json\/wp\/v2\/tags?post=9616"}],"curies":[{"name":"wp","href":"https:\/\/api.w.org\/{rel}","templated":true}]}}