{"id":4539,"date":"2021-03-25T06:42:47","date_gmt":"2021-03-25T06:42:47","guid":{"rendered":"http:\/\/187.189.183.96\/?p=4539"},"modified":"2021-03-25T16:52:25","modified_gmt":"2021-03-25T16:52:25","slug":"las-ninas-y-las-mujeres-somos-importantes-en-el-contexto-de-la-ciencia-en-mexico","status":"publish","type":"post","link":"https:\/\/atl.org.mx\/index.php\/las-ninas-y-las-mujeres-somos-importantes-en-el-contexto-de-la-ciencia-en-mexico\/","title":{"rendered":"El D\u00eda Mundial del Agua nos recuerda el di\u00e1logo con las comunidades para el fomento de la equidad en los recursos h\u00eddricos"},"content":{"rendered":"<p>[vc_row][vc_column][vc_column_text]Celebramos el d\u00eda mundial del agua charlando sobre la b\u00fasqueda de equidad en el recurso h\u00eddrico para el Pueblo Yaqui.<\/p>\n<p>Para celebrar el D\u00eda mundial del Agua, instituido cada 22 de marzo, y fomentar la conciencia sobre el valor de \u00e9sta en todos los \u00e1mbitos de la vida humana, se inici\u00f3 el programa de actividades de la Semana del Agua y\u00a0 Equidad en el IMTA. Como primera transmisi\u00f3n se llev\u00f3 a cabo la mesa en l\u00ednea \u201cEl agua como elemento de equidad\u201d con la participaci\u00f3n de los doctores Carolina Escobar, Jennifer Ba\u00f1uelos y Antonio Quevedo quienes compartieron las acciones que se desarrollan en materia de agua y medio ambiente en el marco del \u00a0Plan de Justicia para el Pueblo Yaqui en el estado de Sonora.<\/p>\n<p>La doctora Carolina Escobar, subcoordinadora de participaci\u00f3n social del IMTA, present\u00f3 el contexto de la lucha de dicho pueblo por su independencia y reconocimiento, y las interacciones que se establecen desde el \u00e1mbito p\u00fablico para una atenci\u00f3n integral a las demandas de los pueblos mediante el di\u00e1logo sobre temas como tierra, territorio, agua, medio ambiente y desarrollo integral.<\/p>\n<p>En particular, coment\u00f3 c\u00f3mo en torno al agua y medio ambiente se identific\u00f3 la necesidad de construir a largo plazo un acueducto, y mientras tanto realizar acciones inmediatas: estudios de calidad del agua de uso y consumo, y una propuesta temporal de potabilizaci\u00f3n, establecimiento para los acuerdos del manejo del agua.<\/p>\n<p>La doctora Jennifer Ba\u00f1uelos, subcoordinadora de potabilizaci\u00f3n, nos cont\u00f3 c\u00f3mo se est\u00e1n realizando las etapas de las acciones inmediatas: monitoreo en la calidad del agua, diagn\u00f3sticos y puesta en marcha del sistema de purificaci\u00f3n del agua, en marcha en los pueblos de V\u00edcam y R\u00e1hum.<\/p>\n<p>Antonio Quevedo, encargado de la coordinaci\u00f3n de riego y drenaje del IMTA, comparti\u00f3 que el pueblo yaqui es conocedor de su territorio, de sus mayores problemas y sus posibles soluciones. Su equipo trabaja en la recuperaci\u00f3n de suelos salinos, recorridos en la superficie de riego, el diagn\u00f3stico del estado de la infraestructura, y el uso de drones y sensores remotos para identificar zonas de inter\u00e9s, entre otros.<\/p>\n<p>Conoce este trabajo de manera m\u00e1s cercana en la charla completa en nuestro <a href=\"https:\/\/www.youtube.com\/channel\/UC4kWn-4VriseOZ5CdvESs0Q\" target=\"_blank\" rel=\"noopener\">Canal IMTA<\/a> por YouTube.[\/vc_column_text][\/vc_column][\/vc_row][vc_row][vc_column][vc_custom_heading text=&#8221;\u00bfQu\u00e9 valor le das al agua? &#8211; Liliana Garc\u00eda, Natalia Chaves, Rebeca Gonz\u00e1lez&#8221; use_theme_fonts=&#8221;yes&#8221;][vc_video link=&#8221;https:\/\/www.youtube.com\/watch?v=Drecvp_UEY8&#8243;][\/vc_column][\/vc_row][vc_row][vc_column][vc_custom_heading text=&#8221;Agua e innovaci\u00f3n &#8211; Salvador Pe\u00f1a, Matthew Berg, Julio Zamudio&#8221; use_theme_fonts=&#8221;yes&#8221;][vc_video link=&#8221;https:\/\/www.youtube.com\/watch?v=eJZgKv8b_2M&amp;t=2499s&#8221;][\/vc_column][\/vc_row]<\/p>\n","protected":false},"excerpt":{"rendered":"[vc_row][vc_column][vc_column_text]Celebramos el d\u00eda mundial del agua charlando sobre la b\u00fasqueda de equidad en el recurso h\u00eddrico para el Pueblo Yaqui. Para celebrar&hellip;","protected":false},"author":1,"featured_media":4549,"comment_status":"closed","ping_status":"closed","sticky":false,"template":"","format":"standard","meta":{"content-type":"","_lmt_disableupdate":"","_lmt_disable":"","footnotes":""},"categories":[153],"tags":[],"class_list":["post-4539","post","type-post","status-publish","format-standard","has-post-thumbnail","hentry","category-espacio-de-divulgacion"],"yoast_head":"<!-- This site is optimized with the Yoast SEO plugin v27.4 - https:\/\/yoast.com\/product\/yoast-seo-wordpress\/ -->\n<title>El D\u00eda Mundial del Agua nos recuerda el di\u00e1logo con las comunidades para el fomento de la equidad en los recursos h\u00eddricos - ATL el portal del agua de la C\u00e1tedra Unesco IMTA<\/title>\n<meta name=\"robots\" content=\"index, follow, max-snippet:-1, max-image-preview:large, max-video-preview:-1\" \/>\n<link rel=\"canonical\" href=\"https:\/\/atl.org.mx\/index.php\/las-ninas-y-las-mujeres-somos-importantes-en-el-contexto-de-la-ciencia-en-mexico\/amp\/\" \/>\n<meta property=\"og:locale\" content=\"es_MX\" \/>\n<meta property=\"og:type\" content=\"article\" \/>\n<meta property=\"og:title\" content=\"El D\u00eda Mundial del Agua nos recuerda el di\u00e1logo con las comunidades para el fomento de la equidad en los recursos h\u00eddricos - ATL el portal del agua de la C\u00e1tedra Unesco IMTA\" \/>\n<meta property=\"og:url\" content=\"https:\/\/atl.org.mx\/index.php\/las-ninas-y-las-mujeres-somos-importantes-en-el-contexto-de-la-ciencia-en-mexico\/amp\/\" \/>\n<meta property=\"og:site_name\" content=\"ATL el portal del agua de la C\u00e1tedra Unesco IMTA\" \/>\n<meta property=\"article:published_time\" content=\"2021-03-25T06:42:47+00:00\" \/>\n<meta property=\"article:modified_time\" content=\"2021-03-25T16:52:25+00:00\" \/>\n<meta property=\"og:image\" content=\"https:\/\/atl.org.mx\/wp-content\/uploads\/2021\/03\/que_valor_le_das_al_agua1.jpg\" \/>\n\t<meta property=\"og:image:width\" content=\"1188\" \/>\n\t<meta property=\"og:image:height\" content=\"720\" \/>\n\t<meta property=\"og:image:type\" content=\"image\/jpeg\" \/>\n<meta name=\"author\" content=\"claudia\" \/>\n<meta name=\"twitter:card\" content=\"summary_large_image\" \/>\n<meta name=\"twitter:label1\" content=\"Escrito por\" \/>\n\t<meta name=\"twitter:data1\" content=\"claudia\" \/>\n\t<meta name=\"twitter:label2\" content=\"Tiempo de lectura\" \/>\n\t<meta name=\"twitter:data2\" content=\"2 minutos\" \/>\n<script type=\"application\/ld+json\" class=\"yoast-schema-graph\">{\"@context\":\"https:\\\/\\\/schema.org\",\"@graph\":[{\"@type\":\"Article\",\"@id\":\"https:\\\/\\\/atl.org.mx\\\/index.php\\\/las-ninas-y-las-mujeres-somos-importantes-en-el-contexto-de-la-ciencia-en-mexico\\\/amp\\\/#article\",\"isPartOf\":{\"@id\":\"https:\\\/\\\/atl.org.mx\\\/index.php\\\/las-ninas-y-las-mujeres-somos-importantes-en-el-contexto-de-la-ciencia-en-mexico\\\/amp\\\/\"},\"author\":{\"name\":\"claudia\",\"@id\":\"https:\\\/\\\/atl.org.mx\\\/#\\\/schema\\\/person\\\/6cb7e1491b03740e68dd39487f073c00\"},\"headline\":\"El D\u00eda Mundial del Agua nos recuerda el di\u00e1logo con las comunidades para el fomento de la equidad en los recursos h\u00eddricos\",\"datePublished\":\"2021-03-25T06:42:47+00:00\",\"dateModified\":\"2021-03-25T16:52:25+00:00\",\"mainEntityOfPage\":{\"@id\":\"https:\\\/\\\/atl.org.mx\\\/index.php\\\/las-ninas-y-las-mujeres-somos-importantes-en-el-contexto-de-la-ciencia-en-mexico\\\/amp\\\/\"},\"wordCount\":513,\"publisher\":{\"@id\":\"https:\\\/\\\/atl.org.mx\\\/#organization\"},\"image\":{\"@id\":\"https:\\\/\\\/atl.org.mx\\\/index.php\\\/las-ninas-y-las-mujeres-somos-importantes-en-el-contexto-de-la-ciencia-en-mexico\\\/amp\\\/#primaryimage\"},\"thumbnailUrl\":\"https:\\\/\\\/atl.org.mx\\\/wp-content\\\/uploads\\\/2021\\\/03\\\/que_valor_le_das_al_agua1.jpg\",\"articleSection\":[\"Espacio de divulgaci\u00f3n\"],\"inLanguage\":\"es\"},{\"@type\":\"WebPage\",\"@id\":\"https:\\\/\\\/atl.org.mx\\\/index.php\\\/las-ninas-y-las-mujeres-somos-importantes-en-el-contexto-de-la-ciencia-en-mexico\\\/amp\\\/\",\"url\":\"https:\\\/\\\/atl.org.mx\\\/index.php\\\/las-ninas-y-las-mujeres-somos-importantes-en-el-contexto-de-la-ciencia-en-mexico\\\/amp\\\/\",\"name\":\"El D\u00eda Mundial del Agua nos recuerda el di\u00e1logo con las comunidades para el fomento de la equidad en los recursos h\u00eddricos - ATL el portal del agua de la C\u00e1tedra Unesco IMTA\",\"isPartOf\":{\"@id\":\"https:\\\/\\\/atl.org.mx\\\/#website\"},\"primaryImageOfPage\":{\"@id\":\"https:\\\/\\\/atl.org.mx\\\/index.php\\\/las-ninas-y-las-mujeres-somos-importantes-en-el-contexto-de-la-ciencia-en-mexico\\\/amp\\\/#primaryimage\"},\"image\":{\"@id\":\"https:\\\/\\\/atl.org.mx\\\/index.php\\\/las-ninas-y-las-mujeres-somos-importantes-en-el-contexto-de-la-ciencia-en-mexico\\\/amp\\\/#primaryimage\"},\"thumbnailUrl\":\"https:\\\/\\\/atl.org.mx\\\/wp-content\\\/uploads\\\/2021\\\/03\\\/que_valor_le_das_al_agua1.jpg\",\"datePublished\":\"2021-03-25T06:42:47+00:00\",\"dateModified\":\"2021-03-25T16:52:25+00:00\",\"breadcrumb\":{\"@id\":\"https:\\\/\\\/atl.org.mx\\\/index.php\\\/las-ninas-y-las-mujeres-somos-importantes-en-el-contexto-de-la-ciencia-en-mexico\\\/amp\\\/#breadcrumb\"},\"inLanguage\":\"es\",\"potentialAction\":[{\"@type\":\"ReadAction\",\"target\":[\"https:\\\/\\\/atl.org.mx\\\/index.php\\\/las-ninas-y-las-mujeres-somos-importantes-en-el-contexto-de-la-ciencia-en-mexico\\\/amp\\\/\"]}]},{\"@type\":\"ImageObject\",\"inLanguage\":\"es\",\"@id\":\"https:\\\/\\\/atl.org.mx\\\/index.php\\\/las-ninas-y-las-mujeres-somos-importantes-en-el-contexto-de-la-ciencia-en-mexico\\\/amp\\\/#primaryimage\",\"url\":\"https:\\\/\\\/atl.org.mx\\\/wp-content\\\/uploads\\\/2021\\\/03\\\/que_valor_le_das_al_agua1.jpg\",\"contentUrl\":\"https:\\\/\\\/atl.org.mx\\\/wp-content\\\/uploads\\\/2021\\\/03\\\/que_valor_le_das_al_agua1.jpg\",\"width\":1188,\"height\":720,\"caption\":\"\u00bfQu\u00e9 valor le das al agua?\"},{\"@type\":\"BreadcrumbList\",\"@id\":\"https:\\\/\\\/atl.org.mx\\\/index.php\\\/las-ninas-y-las-mujeres-somos-importantes-en-el-contexto-de-la-ciencia-en-mexico\\\/amp\\\/#breadcrumb\",\"itemListElement\":[{\"@type\":\"ListItem\",\"position\":1,\"name\":\"Inicio\",\"item\":\"https:\\\/\\\/atl.org.mx\\\/\"},{\"@type\":\"ListItem\",\"position\":2,\"name\":\"El D\u00eda Mundial del Agua nos recuerda el di\u00e1logo con las comunidades para el fomento de la equidad en los recursos h\u00eddricos\"}]},{\"@type\":\"WebSite\",\"@id\":\"https:\\\/\\\/atl.org.mx\\\/#website\",\"url\":\"https:\\\/\\\/atl.org.mx\\\/\",\"name\":\"ATL el portal del agua de la C\u00e1tedra Unesco IMTA\",\"description\":\"C\u00e1tedra UNESCO-IMTA\",\"publisher\":{\"@id\":\"https:\\\/\\\/atl.org.mx\\\/#organization\"},\"potentialAction\":[{\"@type\":\"SearchAction\",\"target\":{\"@type\":\"EntryPoint\",\"urlTemplate\":\"https:\\\/\\\/atl.org.mx\\\/?s={search_term_string}\"},\"query-input\":{\"@type\":\"PropertyValueSpecification\",\"valueRequired\":true,\"valueName\":\"search_term_string\"}}],\"inLanguage\":\"es\"},{\"@type\":\"Organization\",\"@id\":\"https:\\\/\\\/atl.org.mx\\\/#organization\",\"name\":\"ATL el portal del agua de la C\u00e1tedra Unesco IMTA\",\"url\":\"https:\\\/\\\/atl.org.mx\\\/\",\"logo\":{\"@type\":\"ImageObject\",\"inLanguage\":\"es\",\"@id\":\"https:\\\/\\\/atl.org.mx\\\/#\\\/schema\\\/logo\\\/image\\\/\",\"url\":\"https:\\\/\\\/atl.org.mx\\\/wp-content\\\/uploads\\\/2023\\\/09\\\/logo_atl_catedra3.png\",\"contentUrl\":\"https:\\\/\\\/atl.org.mx\\\/wp-content\\\/uploads\\\/2023\\\/09\\\/logo_atl_catedra3.png\",\"width\":250,\"height\":151,\"caption\":\"ATL el portal del agua de la C\u00e1tedra Unesco IMTA\"},\"image\":{\"@id\":\"https:\\\/\\\/atl.org.mx\\\/#\\\/schema\\\/logo\\\/image\\\/\"}},{\"@type\":\"Person\",\"@id\":\"https:\\\/\\\/atl.org.mx\\\/#\\\/schema\\\/person\\\/6cb7e1491b03740e68dd39487f073c00\",\"name\":\"claudia\",\"sameAs\":[\"http:\\\/\\\/localhost\\\/tienda\"],\"url\":\"https:\\\/\\\/atl.org.mx\\\/index.php\\\/author\\\/claudia\\\/\"}]}<\/script>\n<!-- \/ Yoast SEO plugin. -->","yoast_head_json":{"title":"El D\u00eda Mundial del Agua nos recuerda el di\u00e1logo con las comunidades para el fomento de la equidad en los recursos h\u00eddricos - ATL el portal del agua de la C\u00e1tedra Unesco IMTA","robots":{"index":"index","follow":"follow","max-snippet":"max-snippet:-1","max-image-preview":"max-image-preview:large","max-video-preview":"max-video-preview:-1"},"canonical":"https:\/\/atl.org.mx\/index.php\/las-ninas-y-las-mujeres-somos-importantes-en-el-contexto-de-la-ciencia-en-mexico\/amp\/","og_locale":"es_MX","og_type":"article","og_title":"El D\u00eda Mundial del Agua nos recuerda el di\u00e1logo con las comunidades para el fomento de la equidad en los recursos h\u00eddricos - ATL el portal del agua de la C\u00e1tedra Unesco IMTA","og_url":"https:\/\/atl.org.mx\/index.php\/las-ninas-y-las-mujeres-somos-importantes-en-el-contexto-de-la-ciencia-en-mexico\/amp\/","og_site_name":"ATL el portal del agua de la C\u00e1tedra Unesco IMTA","article_published_time":"2021-03-25T06:42:47+00:00","article_modified_time":"2021-03-25T16:52:25+00:00","og_image":[{"width":1188,"height":720,"url":"https:\/\/atl.org.mx\/wp-content\/uploads\/2021\/03\/que_valor_le_das_al_agua1.jpg","type":"image\/jpeg"}],"author":"claudia","twitter_card":"summary_large_image","twitter_misc":{"Escrito por":"claudia","Tiempo de lectura":"2 minutos"},"schema":{"@context":"https:\/\/schema.org","@graph":[{"@type":"Article","@id":"https:\/\/atl.org.mx\/index.php\/las-ninas-y-las-mujeres-somos-importantes-en-el-contexto-de-la-ciencia-en-mexico\/amp\/#article","isPartOf":{"@id":"https:\/\/atl.org.mx\/index.php\/las-ninas-y-las-mujeres-somos-importantes-en-el-contexto-de-la-ciencia-en-mexico\/amp\/"},"author":{"name":"claudia","@id":"https:\/\/atl.org.mx\/#\/schema\/person\/6cb7e1491b03740e68dd39487f073c00"},"headline":"El D\u00eda Mundial del Agua nos recuerda el di\u00e1logo con las comunidades para el fomento de la equidad en los recursos h\u00eddricos","datePublished":"2021-03-25T06:42:47+00:00","dateModified":"2021-03-25T16:52:25+00:00","mainEntityOfPage":{"@id":"https:\/\/atl.org.mx\/index.php\/las-ninas-y-las-mujeres-somos-importantes-en-el-contexto-de-la-ciencia-en-mexico\/amp\/"},"wordCount":513,"publisher":{"@id":"https:\/\/atl.org.mx\/#organization"},"image":{"@id":"https:\/\/atl.org.mx\/index.php\/las-ninas-y-las-mujeres-somos-importantes-en-el-contexto-de-la-ciencia-en-mexico\/amp\/#primaryimage"},"thumbnailUrl":"https:\/\/atl.org.mx\/wp-content\/uploads\/2021\/03\/que_valor_le_das_al_agua1.jpg","articleSection":["Espacio de divulgaci\u00f3n"],"inLanguage":"es"},{"@type":"WebPage","@id":"https:\/\/atl.org.mx\/index.php\/las-ninas-y-las-mujeres-somos-importantes-en-el-contexto-de-la-ciencia-en-mexico\/amp\/","url":"https:\/\/atl.org.mx\/index.php\/las-ninas-y-las-mujeres-somos-importantes-en-el-contexto-de-la-ciencia-en-mexico\/amp\/","name":"El D\u00eda Mundial del Agua nos recuerda el di\u00e1logo con las comunidades para el fomento de la equidad en los recursos h\u00eddricos - ATL el portal del agua de la C\u00e1tedra Unesco IMTA","isPartOf":{"@id":"https:\/\/atl.org.mx\/#website"},"primaryImageOfPage":{"@id":"https:\/\/atl.org.mx\/index.php\/las-ninas-y-las-mujeres-somos-importantes-en-el-contexto-de-la-ciencia-en-mexico\/amp\/#primaryimage"},"image":{"@id":"https:\/\/atl.org.mx\/index.php\/las-ninas-y-las-mujeres-somos-importantes-en-el-contexto-de-la-ciencia-en-mexico\/amp\/#primaryimage"},"thumbnailUrl":"https:\/\/atl.org.mx\/wp-content\/uploads\/2021\/03\/que_valor_le_das_al_agua1.jpg","datePublished":"2021-03-25T06:42:47+00:00","dateModified":"2021-03-25T16:52:25+00:00","breadcrumb":{"@id":"https:\/\/atl.org.mx\/index.php\/las-ninas-y-las-mujeres-somos-importantes-en-el-contexto-de-la-ciencia-en-mexico\/amp\/#breadcrumb"},"inLanguage":"es","potentialAction":[{"@type":"ReadAction","target":["https:\/\/atl.org.mx\/index.php\/las-ninas-y-las-mujeres-somos-importantes-en-el-contexto-de-la-ciencia-en-mexico\/amp\/"]}]},{"@type":"ImageObject","inLanguage":"es","@id":"https:\/\/atl.org.mx\/index.php\/las-ninas-y-las-mujeres-somos-importantes-en-el-contexto-de-la-ciencia-en-mexico\/amp\/#primaryimage","url":"https:\/\/atl.org.mx\/wp-content\/uploads\/2021\/03\/que_valor_le_das_al_agua1.jpg","contentUrl":"https:\/\/atl.org.mx\/wp-content\/uploads\/2021\/03\/que_valor_le_das_al_agua1.jpg","width":1188,"height":720,"caption":"\u00bfQu\u00e9 valor le das al agua?"},{"@type":"BreadcrumbList","@id":"https:\/\/atl.org.mx\/index.php\/las-ninas-y-las-mujeres-somos-importantes-en-el-contexto-de-la-ciencia-en-mexico\/amp\/#breadcrumb","itemListElement":[{"@type":"ListItem","position":1,"name":"Inicio","item":"https:\/\/atl.org.mx\/"},{"@type":"ListItem","position":2,"name":"El D\u00eda Mundial del Agua nos recuerda el di\u00e1logo con las comunidades para el fomento de la equidad en los recursos h\u00eddricos"}]},{"@type":"WebSite","@id":"https:\/\/atl.org.mx\/#website","url":"https:\/\/atl.org.mx\/","name":"ATL el portal del agua de la C\u00e1tedra Unesco IMTA","description":"C\u00e1tedra UNESCO-IMTA","publisher":{"@id":"https:\/\/atl.org.mx\/#organization"},"potentialAction":[{"@type":"SearchAction","target":{"@type":"EntryPoint","urlTemplate":"https:\/\/atl.org.mx\/?s={search_term_string}"},"query-input":{"@type":"PropertyValueSpecification","valueRequired":true,"valueName":"search_term_string"}}],"inLanguage":"es"},{"@type":"Organization","@id":"https:\/\/atl.org.mx\/#organization","name":"ATL el portal del agua de la C\u00e1tedra Unesco IMTA","url":"https:\/\/atl.org.mx\/","logo":{"@type":"ImageObject","inLanguage":"es","@id":"https:\/\/atl.org.mx\/#\/schema\/logo\/image\/","url":"https:\/\/atl.org.mx\/wp-content\/uploads\/2023\/09\/logo_atl_catedra3.png","contentUrl":"https:\/\/atl.org.mx\/wp-content\/uploads\/2023\/09\/logo_atl_catedra3.png","width":250,"height":151,"caption":"ATL el portal del agua de la C\u00e1tedra Unesco IMTA"},"image":{"@id":"https:\/\/atl.org.mx\/#\/schema\/logo\/image\/"}},{"@type":"Person","@id":"https:\/\/atl.org.mx\/#\/schema\/person\/6cb7e1491b03740e68dd39487f073c00","name":"claudia","sameAs":["http:\/\/localhost\/tienda"],"url":"https:\/\/atl.org.mx\/index.php\/author\/claudia\/"}]}},"_links":{"self":[{"href":"https:\/\/atl.org.mx\/index.php\/wp-json\/wp\/v2\/posts\/4539","targetHints":{"allow":["GET"]}}],"collection":[{"href":"https:\/\/atl.org.mx\/index.php\/wp-json\/wp\/v2\/posts"}],"about":[{"href":"https:\/\/atl.org.mx\/index.php\/wp-json\/wp\/v2\/types\/post"}],"author":[{"embeddable":true,"href":"https:\/\/atl.org.mx\/index.php\/wp-json\/wp\/v2\/users\/1"}],"replies":[{"embeddable":true,"href":"https:\/\/atl.org.mx\/index.php\/wp-json\/wp\/v2\/comments?post=4539"}],"version-history":[{"count":10,"href":"https:\/\/atl.org.mx\/index.php\/wp-json\/wp\/v2\/posts\/4539\/revisions"}],"predecessor-version":[{"id":4628,"href":"https:\/\/atl.org.mx\/index.php\/wp-json\/wp\/v2\/posts\/4539\/revisions\/4628"}],"wp:featuredmedia":[{"embeddable":true,"href":"https:\/\/atl.org.mx\/index.php\/wp-json\/wp\/v2\/media\/4549"}],"wp:attachment":[{"href":"https:\/\/atl.org.mx\/index.php\/wp-json\/wp\/v2\/media?parent=4539"}],"wp:term":[{"taxonomy":"category","embeddable":true,"href":"https:\/\/atl.org.mx\/index.php\/wp-json\/wp\/v2\/categories?post=4539"},{"taxonomy":"post_tag","embeddable":true,"href":"https:\/\/atl.org.mx\/index.php\/wp-json\/wp\/v2\/tags?post=4539"}],"curies":[{"name":"wp","href":"https:\/\/api.w.org\/{rel}","templated":true}]}}