{"id":11512,"date":"2026-04-20T19:29:58","date_gmt":"2026-04-20T19:29:58","guid":{"rendered":"https:\/\/atl.org.mx\/?p=11512"},"modified":"2026-04-20T20:20:33","modified_gmt":"2026-04-20T20:20:33","slug":"acuifero-de-la-peninsula-de-yucatan","status":"publish","type":"post","link":"https:\/\/atl.org.mx\/index.php\/acuifero-de-la-peninsula-de-yucatan\/","title":{"rendered":"Acu\u00edfero de la Pen\u00ednsula de Yucat\u00e1n"},"content":{"rendered":"\t\t<div data-elementor-type=\"wp-post\" data-elementor-id=\"11512\" class=\"elementor elementor-11512\">\n\t\t\t\t\t\t<section class=\"penci-section penci-disSticky penci-structure-10 elementor-section elementor-top-section elementor-element elementor-element-fd3965a elementor-section-boxed elementor-section-height-default elementor-section-height-default\" data-id=\"fd3965a\" data-element_type=\"section\" data-e-type=\"section\">\n\t\t\t\t\t\t<div class=\"elementor-container elementor-column-gap-default\">\n\t\t\t\t\t<div class=\"penci-ercol-100 penci-ercol-order-1 penci-sticky-ct    elementor-column elementor-col-100 elementor-top-column elementor-element elementor-element-bb6f7e1\" data-id=\"bb6f7e1\" data-element_type=\"column\" data-e-type=\"column\">\n\t\t\t<div class=\"elementor-widget-wrap elementor-element-populated\">\n\t\t\t\t\t\t<div class=\"elementor-element elementor-element-ad4a6e3 elementor-widget elementor-widget-html\" data-id=\"ad4a6e3\" data-element_type=\"widget\" data-e-type=\"widget\" data-widget_type=\"html.default\">\n\t\t\t\t<div class=\"elementor-widget-container\">\n\t\t\t\t\t<iframe src=\"https:\/\/atl.org.mx\/wp-content\/uploads\/trenmaya\/2026_Semina_Acuifero_GM_2026_04_2504.php\" width=\"100%\" height=\"1400\"><\/iframe>\t\t\t\t<\/div>\n\t\t\t\t<\/div>\n\t\t\t\t\t<\/div>\n\t\t<\/div>\n\t\t\t\t\t<\/div>\n\t\t<\/section>\n\t\t\t\t<\/div>\n\t\t","protected":false},"excerpt":{"rendered":"","protected":false},"author":2,"featured_media":0,"comment_status":"closed","ping_status":"closed","sticky":false,"template":"","format":"standard","meta":{"content-type":"","_lmt_disableupdate":"","_lmt_disable":"","footnotes":""},"categories":[479],"tags":[],"class_list":["post-11512","post","type-post","status-publish","format-standard","hentry","category-golfo-proyecto-trenes"],"yoast_head":"<!-- This site is optimized with the Yoast SEO plugin v27.4 - https:\/\/yoast.com\/product\/yoast-seo-wordpress\/ -->\n<title>Acu\u00edfero de la Pen\u00ednsula de Yucat\u00e1n - ATL el portal del agua de la C\u00e1tedra Unesco IMTA<\/title>\n<meta name=\"robots\" content=\"index, follow, max-snippet:-1, max-image-preview:large, max-video-preview:-1\" \/>\n<link rel=\"canonical\" href=\"https:\/\/atl.org.mx\/index.php\/acuifero-de-la-peninsula-de-yucatan\/\" \/>\n<meta property=\"og:locale\" content=\"es_MX\" \/>\n<meta property=\"og:type\" content=\"article\" \/>\n<meta property=\"og:title\" content=\"Acu\u00edfero de la Pen\u00ednsula de Yucat\u00e1n - ATL el portal del agua de la C\u00e1tedra Unesco IMTA\" \/>\n<meta property=\"og:url\" content=\"https:\/\/atl.org.mx\/index.php\/acuifero-de-la-peninsula-de-yucatan\/\" \/>\n<meta property=\"og:site_name\" content=\"ATL el portal del agua de la C\u00e1tedra Unesco IMTA\" \/>\n<meta property=\"article:published_time\" content=\"2026-04-20T19:29:58+00:00\" \/>\n<meta property=\"article:modified_time\" content=\"2026-04-20T20:20:33+00:00\" \/>\n<meta name=\"author\" content=\"Catedra Unesco\" \/>\n<meta name=\"twitter:card\" content=\"summary_large_image\" \/>\n<meta name=\"twitter:label1\" content=\"Escrito por\" \/>\n\t<meta name=\"twitter:data1\" content=\"Catedra Unesco\" \/>\n<script type=\"application\/ld+json\" class=\"yoast-schema-graph\">{\"@context\":\"https:\\\/\\\/schema.org\",\"@graph\":[{\"@type\":\"Article\",\"@id\":\"https:\\\/\\\/atl.org.mx\\\/index.php\\\/acuifero-de-la-peninsula-de-yucatan\\\/#article\",\"isPartOf\":{\"@id\":\"https:\\\/\\\/atl.org.mx\\\/index.php\\\/acuifero-de-la-peninsula-de-yucatan\\\/\"},\"author\":{\"name\":\"Catedra Unesco\",\"@id\":\"https:\\\/\\\/atl.org.mx\\\/#\\\/schema\\\/person\\\/995618feab35b3f396e4b75cfef7b36f\"},\"headline\":\"Acu\u00edfero de la Pen\u00ednsula de Yucat\u00e1n\",\"datePublished\":\"2026-04-20T19:29:58+00:00\",\"dateModified\":\"2026-04-20T20:20:33+00:00\",\"mainEntityOfPage\":{\"@id\":\"https:\\\/\\\/atl.org.mx\\\/index.php\\\/acuifero-de-la-peninsula-de-yucatan\\\/\"},\"wordCount\":9,\"publisher\":{\"@id\":\"https:\\\/\\\/atl.org.mx\\\/#organization\"},\"articleSection\":[\"Proyecto trenes\"],\"inLanguage\":\"es\"},{\"@type\":\"WebPage\",\"@id\":\"https:\\\/\\\/atl.org.mx\\\/index.php\\\/acuifero-de-la-peninsula-de-yucatan\\\/\",\"url\":\"https:\\\/\\\/atl.org.mx\\\/index.php\\\/acuifero-de-la-peninsula-de-yucatan\\\/\",\"name\":\"Acu\u00edfero de la Pen\u00ednsula de Yucat\u00e1n - ATL el portal del agua de la C\u00e1tedra Unesco IMTA\",\"isPartOf\":{\"@id\":\"https:\\\/\\\/atl.org.mx\\\/#website\"},\"datePublished\":\"2026-04-20T19:29:58+00:00\",\"dateModified\":\"2026-04-20T20:20:33+00:00\",\"breadcrumb\":{\"@id\":\"https:\\\/\\\/atl.org.mx\\\/index.php\\\/acuifero-de-la-peninsula-de-yucatan\\\/#breadcrumb\"},\"inLanguage\":\"es\",\"potentialAction\":[{\"@type\":\"ReadAction\",\"target\":[\"https:\\\/\\\/atl.org.mx\\\/index.php\\\/acuifero-de-la-peninsula-de-yucatan\\\/\"]}]},{\"@type\":\"BreadcrumbList\",\"@id\":\"https:\\\/\\\/atl.org.mx\\\/index.php\\\/acuifero-de-la-peninsula-de-yucatan\\\/#breadcrumb\",\"itemListElement\":[{\"@type\":\"ListItem\",\"position\":1,\"name\":\"Inicio\",\"item\":\"https:\\\/\\\/atl.org.mx\\\/\"},{\"@type\":\"ListItem\",\"position\":2,\"name\":\"Acu\u00edfero de la Pen\u00ednsula de Yucat\u00e1n\"}]},{\"@type\":\"WebSite\",\"@id\":\"https:\\\/\\\/atl.org.mx\\\/#website\",\"url\":\"https:\\\/\\\/atl.org.mx\\\/\",\"name\":\"ATL el portal del agua de la C\u00e1tedra Unesco IMTA\",\"description\":\"C\u00e1tedra UNESCO-IMTA\",\"publisher\":{\"@id\":\"https:\\\/\\\/atl.org.mx\\\/#organization\"},\"potentialAction\":[{\"@type\":\"SearchAction\",\"target\":{\"@type\":\"EntryPoint\",\"urlTemplate\":\"https:\\\/\\\/atl.org.mx\\\/?s={search_term_string}\"},\"query-input\":{\"@type\":\"PropertyValueSpecification\",\"valueRequired\":true,\"valueName\":\"search_term_string\"}}],\"inLanguage\":\"es\"},{\"@type\":\"Organization\",\"@id\":\"https:\\\/\\\/atl.org.mx\\\/#organization\",\"name\":\"ATL el portal del agua de la C\u00e1tedra Unesco IMTA\",\"url\":\"https:\\\/\\\/atl.org.mx\\\/\",\"logo\":{\"@type\":\"ImageObject\",\"inLanguage\":\"es\",\"@id\":\"https:\\\/\\\/atl.org.mx\\\/#\\\/schema\\\/logo\\\/image\\\/\",\"url\":\"https:\\\/\\\/atl.org.mx\\\/wp-content\\\/uploads\\\/2023\\\/09\\\/logo_atl_catedra3.png\",\"contentUrl\":\"https:\\\/\\\/atl.org.mx\\\/wp-content\\\/uploads\\\/2023\\\/09\\\/logo_atl_catedra3.png\",\"width\":250,\"height\":151,\"caption\":\"ATL el portal del agua de la C\u00e1tedra Unesco IMTA\"},\"image\":{\"@id\":\"https:\\\/\\\/atl.org.mx\\\/#\\\/schema\\\/logo\\\/image\\\/\"}},{\"@type\":\"Person\",\"@id\":\"https:\\\/\\\/atl.org.mx\\\/#\\\/schema\\\/person\\\/995618feab35b3f396e4b75cfef7b36f\",\"name\":\"Catedra Unesco\",\"sameAs\":[\"http:\\\/\\\/atl.org.mx\"],\"url\":\"https:\\\/\\\/atl.org.mx\\\/index.php\\\/author\\\/catedraatl\\\/\"}]}<\/script>\n<!-- \/ Yoast SEO plugin. -->","yoast_head_json":{"title":"Acu\u00edfero de la Pen\u00ednsula de Yucat\u00e1n - ATL el portal del agua de la C\u00e1tedra Unesco IMTA","robots":{"index":"index","follow":"follow","max-snippet":"max-snippet:-1","max-image-preview":"max-image-preview:large","max-video-preview":"max-video-preview:-1"},"canonical":"https:\/\/atl.org.mx\/index.php\/acuifero-de-la-peninsula-de-yucatan\/","og_locale":"es_MX","og_type":"article","og_title":"Acu\u00edfero de la Pen\u00ednsula de Yucat\u00e1n - ATL el portal del agua de la C\u00e1tedra Unesco IMTA","og_url":"https:\/\/atl.org.mx\/index.php\/acuifero-de-la-peninsula-de-yucatan\/","og_site_name":"ATL el portal del agua de la C\u00e1tedra Unesco IMTA","article_published_time":"2026-04-20T19:29:58+00:00","article_modified_time":"2026-04-20T20:20:33+00:00","author":"Catedra Unesco","twitter_card":"summary_large_image","twitter_misc":{"Escrito por":"Catedra Unesco"},"schema":{"@context":"https:\/\/schema.org","@graph":[{"@type":"Article","@id":"https:\/\/atl.org.mx\/index.php\/acuifero-de-la-peninsula-de-yucatan\/#article","isPartOf":{"@id":"https:\/\/atl.org.mx\/index.php\/acuifero-de-la-peninsula-de-yucatan\/"},"author":{"name":"Catedra Unesco","@id":"https:\/\/atl.org.mx\/#\/schema\/person\/995618feab35b3f396e4b75cfef7b36f"},"headline":"Acu\u00edfero de la Pen\u00ednsula de Yucat\u00e1n","datePublished":"2026-04-20T19:29:58+00:00","dateModified":"2026-04-20T20:20:33+00:00","mainEntityOfPage":{"@id":"https:\/\/atl.org.mx\/index.php\/acuifero-de-la-peninsula-de-yucatan\/"},"wordCount":9,"publisher":{"@id":"https:\/\/atl.org.mx\/#organization"},"articleSection":["Proyecto trenes"],"inLanguage":"es"},{"@type":"WebPage","@id":"https:\/\/atl.org.mx\/index.php\/acuifero-de-la-peninsula-de-yucatan\/","url":"https:\/\/atl.org.mx\/index.php\/acuifero-de-la-peninsula-de-yucatan\/","name":"Acu\u00edfero de la Pen\u00ednsula de Yucat\u00e1n - ATL el portal del agua de la C\u00e1tedra Unesco IMTA","isPartOf":{"@id":"https:\/\/atl.org.mx\/#website"},"datePublished":"2026-04-20T19:29:58+00:00","dateModified":"2026-04-20T20:20:33+00:00","breadcrumb":{"@id":"https:\/\/atl.org.mx\/index.php\/acuifero-de-la-peninsula-de-yucatan\/#breadcrumb"},"inLanguage":"es","potentialAction":[{"@type":"ReadAction","target":["https:\/\/atl.org.mx\/index.php\/acuifero-de-la-peninsula-de-yucatan\/"]}]},{"@type":"BreadcrumbList","@id":"https:\/\/atl.org.mx\/index.php\/acuifero-de-la-peninsula-de-yucatan\/#breadcrumb","itemListElement":[{"@type":"ListItem","position":1,"name":"Inicio","item":"https:\/\/atl.org.mx\/"},{"@type":"ListItem","position":2,"name":"Acu\u00edfero de la Pen\u00ednsula de Yucat\u00e1n"}]},{"@type":"WebSite","@id":"https:\/\/atl.org.mx\/#website","url":"https:\/\/atl.org.mx\/","name":"ATL el portal del agua de la C\u00e1tedra Unesco IMTA","description":"C\u00e1tedra UNESCO-IMTA","publisher":{"@id":"https:\/\/atl.org.mx\/#organization"},"potentialAction":[{"@type":"SearchAction","target":{"@type":"EntryPoint","urlTemplate":"https:\/\/atl.org.mx\/?s={search_term_string}"},"query-input":{"@type":"PropertyValueSpecification","valueRequired":true,"valueName":"search_term_string"}}],"inLanguage":"es"},{"@type":"Organization","@id":"https:\/\/atl.org.mx\/#organization","name":"ATL el portal del agua de la C\u00e1tedra Unesco IMTA","url":"https:\/\/atl.org.mx\/","logo":{"@type":"ImageObject","inLanguage":"es","@id":"https:\/\/atl.org.mx\/#\/schema\/logo\/image\/","url":"https:\/\/atl.org.mx\/wp-content\/uploads\/2023\/09\/logo_atl_catedra3.png","contentUrl":"https:\/\/atl.org.mx\/wp-content\/uploads\/2023\/09\/logo_atl_catedra3.png","width":250,"height":151,"caption":"ATL el portal del agua de la C\u00e1tedra Unesco IMTA"},"image":{"@id":"https:\/\/atl.org.mx\/#\/schema\/logo\/image\/"}},{"@type":"Person","@id":"https:\/\/atl.org.mx\/#\/schema\/person\/995618feab35b3f396e4b75cfef7b36f","name":"Catedra Unesco","sameAs":["http:\/\/atl.org.mx"],"url":"https:\/\/atl.org.mx\/index.php\/author\/catedraatl\/"}]}},"_links":{"self":[{"href":"https:\/\/atl.org.mx\/index.php\/wp-json\/wp\/v2\/posts\/11512","targetHints":{"allow":["GET"]}}],"collection":[{"href":"https:\/\/atl.org.mx\/index.php\/wp-json\/wp\/v2\/posts"}],"about":[{"href":"https:\/\/atl.org.mx\/index.php\/wp-json\/wp\/v2\/types\/post"}],"author":[{"embeddable":true,"href":"https:\/\/atl.org.mx\/index.php\/wp-json\/wp\/v2\/users\/2"}],"replies":[{"embeddable":true,"href":"https:\/\/atl.org.mx\/index.php\/wp-json\/wp\/v2\/comments?post=11512"}],"version-history":[{"count":7,"href":"https:\/\/atl.org.mx\/index.php\/wp-json\/wp\/v2\/posts\/11512\/revisions"}],"predecessor-version":[{"id":11520,"href":"https:\/\/atl.org.mx\/index.php\/wp-json\/wp\/v2\/posts\/11512\/revisions\/11520"}],"wp:attachment":[{"href":"https:\/\/atl.org.mx\/index.php\/wp-json\/wp\/v2\/media?parent=11512"}],"wp:term":[{"taxonomy":"category","embeddable":true,"href":"https:\/\/atl.org.mx\/index.php\/wp-json\/wp\/v2\/categories?post=11512"},{"taxonomy":"post_tag","embeddable":true,"href":"https:\/\/atl.org.mx\/index.php\/wp-json\/wp\/v2\/tags?post=11512"}],"curies":[{"name":"wp","href":"https:\/\/api.w.org\/{rel}","templated":true}]}}